{"id":226,"__str__":"Mensagem - Raz\u00f5es de Veto de 26/01/2022 por CLAUDIO CESAR CASAGRANDE","link_detail_backend":"/materia/documentoacessorio/226","metadata":{},"nome":"Raz\u00f5es de Veto","data":"2022-01-26","autor":"CLAUDIO CESAR CASAGRANDE","ementa":"Raz\u00f5es de veto ao projeto de lei n\u00ba 013/2021 - autoria vereador Marcio Bosa\r\nInstitui o Programa de Aten\u00e7\u00e3o \u00e0 Sa\u00fade Mental das V\u00edtimas da Covid-19 no munic\u00edpio de Campo Magro e da outras provid\u00eancias","indexacao":"","arquivo":"http://sapl.campomagro.pr.leg.br/media/sapl/public/documentoacessorio/2021/226/razoes_de_veto_ao_pl_no_013.21.pdf","data_ultima_atualizacao":"2022-01-26T09:28:02.870279-03:00","materia":404,"tipo":8}