{"id":1387,"__str__":"Reda\u00e7\u00e3o Final n\u00ba 4 de 2024","link_detail_backend":"/materia/1387","metadata":{},"numero":4,"ano":2024,"numero_protocolo":null,"data_apresentacao":"2024-06-25","tipo_apresentacao":"E","data_publicacao":null,"numero_origem_externa":"","ano_origem_externa":null,"data_origem_externa":null,"apelido":"","dias_prazo":null,"data_fim_prazo":null,"em_tramitacao":true,"polemica":false,"objeto":"","complementar":false,"ementa":"\"Isen\u00e7\u00e3o da Taxa de Alvar\u00e1 para Associa\u00e7\u00f5es e Entidades beneficentes no Mun\u00edcipio Campo Magro\"","indexacao":"","observacao":"","resultado":"","texto_original":"http://sapl.campomagro.pr.leg.br/media/sapl/public/materialegislativa/2024/1387/redacao_final_004.2024.pdf","data_ultima_atualizacao":"2024-08-06T14:16:34.364385-03:00","ip":"138.118.170.5","ultima_edicao":"2024-08-06T14:12:56.295694-03:00","tipo":24,"regime_tramitacao":1,"tipo_origem_externa":null,"local_origem_externa":null,"user":33,"anexadas":[],"autores":[]}