{"id":1747,"__str__":"Requerimento n\u00ba 35 de 2025","link_detail_backend":"/materia/1747","metadata":{},"numero":35,"ano":2025,"numero_protocolo":2640,"data_apresentacao":"2025-03-28","tipo_apresentacao":"E","data_publicacao":null,"numero_origem_externa":"","ano_origem_externa":null,"data_origem_externa":null,"apelido":"","dias_prazo":null,"data_fim_prazo":null,"em_tramitacao":false,"polemica":false,"objeto":"","complementar":false,"ementa":"Eu, Vereador M\u00e1rcio Bueno, no uso de minhas atribui\u00e7\u00f5es regimentais, venho por meio deste requerer a implanta\u00e7\u00e3o de Central da Ambul\u00e2ncia no interior do munic\u00edpio de Campo Magro, visando atender \u00e0 popula\u00e7\u00e3o residentes em \u00e1reas de dif\u00edcil acesso e uma com precariedade nos servi\u00e7os b\u00e1sicos de sa\u00fade.","indexacao":"","observacao":"","resultado":"","texto_original":"http://sapl.campomagro.pr.leg.br/media/sapl/public/materialegislativa/2025/1747/requerimento_035-2025.pdf","data_ultima_atualizacao":"2025-03-31T10:18:59.826365-03:00","ip":"138.118.170.5","ultima_edicao":"2025-03-31T10:10:14.163568-03:00","tipo":3,"regime_tramitacao":1,"tipo_origem_externa":null,"local_origem_externa":null,"user":45,"anexadas":[],"autores":[73]}