{"id":1866,"__str__":"Projeto de Lei Ordin\u00e1ria Executiva n\u00ba 8 de 2025","link_detail_backend":"/materia/1866","metadata":{},"numero":8,"ano":2025,"numero_protocolo":2671,"data_apresentacao":"2025-04-14","tipo_apresentacao":"E","data_publicacao":null,"numero_origem_externa":"","ano_origem_externa":null,"data_origem_externa":null,"apelido":"","dias_prazo":null,"data_fim_prazo":null,"em_tramitacao":true,"polemica":false,"objeto":"","complementar":false,"ementa":"Disp\u00f5e sobre a Cria\u00e7\u00e3o do Conselho Municipal dos Direitos da Pessoa com Defici\u00eancia do munic\u00edpio de Campo Magro - CMDPD/CM e a cria\u00e7\u00e3o do Fundo Municipal dos Direitos da pessoa com defici\u00eancia - FMDPD e d\u00e1 outras provid\u00eancias.","indexacao":"","observacao":"","resultado":"","texto_original":"http://sapl.campomagro.pr.leg.br/media/sapl/public/materialegislativa/2025/1866/pe_no_008.25_pcd.pdf","data_ultima_atualizacao":"2025-06-02T13:53:29.152894-03:00","ip":"138.118.170.5","ultima_edicao":"2025-04-15T09:03:56.326937-03:00","tipo":13,"regime_tramitacao":2,"tipo_origem_externa":null,"local_origem_externa":null,"user":6,"anexadas":[],"autores":[38]}