{"id":2515,"__str__":"Requerimento n\u00ba 63 de 2025","link_detail_backend":"/materia/2515","metadata":{},"numero":63,"ano":2025,"numero_protocolo":2851,"data_apresentacao":"2025-06-06","tipo_apresentacao":"E","data_publicacao":null,"numero_origem_externa":"","ano_origem_externa":null,"data_origem_externa":null,"apelido":"","dias_prazo":null,"data_fim_prazo":null,"em_tramitacao":false,"polemica":false,"objeto":"","complementar":false,"ementa":"O Vereador infra-assinado, com base nas prerrogativas que lhes s\u00e3o conferidas: O artigo 31 da Constitui\u00e7\u00e3o Federal assegura este direito ao vereador: \"Art. 31. A fiscaliza\u00e7\u00e3o do Munic\u00edpio ser\u00e1 exercida pelo Poder Legislativo Municipal, mediante controle externo, e pelos sistemas de controle interno do Poder Executivo municipal, na forma da lei.\"\r\nVenho por meio deste solicitar informa\u00e7\u00f5es detalhadas acerca do processo de contrata\u00e7\u00e3o das monitoras do transporte escolar no munic\u00edpio de Campo Magro.","indexacao":"","observacao":"","resultado":"","texto_original":"http://sapl.campomagro.pr.leg.br/media/sapl/public/materialegislativa/2025/2515/requerimento_n_063-2025.pdf","data_ultima_atualizacao":"2025-06-06T15:30:56.958839-03:00","ip":"138.118.170.5","ultima_edicao":"2025-06-06T15:23:32.892265-03:00","tipo":3,"regime_tramitacao":1,"tipo_origem_externa":null,"local_origem_externa":null,"user":45,"anexadas":[],"autores":[75]}