{"id":2519,"__str__":"Requerimento n\u00ba 62 de 2025","link_detail_backend":"/materia/2519","metadata":{},"numero":62,"ano":2025,"numero_protocolo":2853,"data_apresentacao":"2025-06-06","tipo_apresentacao":"E","data_publicacao":null,"numero_origem_externa":"","ano_origem_externa":null,"data_origem_externa":null,"apelido":"","dias_prazo":null,"data_fim_prazo":null,"em_tramitacao":false,"polemica":false,"objeto":"","complementar":false,"ementa":"O vereador infra-assinado, com base na prerrogativas que lhes s\u00e3o conferidas: Venho por meio deste solicitar informa\u00e7\u00f5es detalhadas acerca das empresas que participam do preg\u00e3o realizado para contrata\u00e7\u00e3o do transporte escolar no munic\u00edpio de Campo Magro.","indexacao":"","observacao":"","resultado":"","texto_original":"http://sapl.campomagro.pr.leg.br/media/sapl/public/materialegislativa/2025/2519/requerimento_n_062-2025.pdf","data_ultima_atualizacao":"2025-06-06T16:40:31.452204-03:00","ip":"138.118.170.5","ultima_edicao":"2025-06-06T16:35:51.313875-03:00","tipo":3,"regime_tramitacao":1,"tipo_origem_externa":null,"local_origem_externa":null,"user":45,"anexadas":[],"autores":[75]}