{"id":2700,"__str__":"Mo\u00e7\u00e3o de Rep\u00fadio n\u00ba 1 de 2025","link_detail_backend":"/materia/2700","metadata":{},"numero":1,"ano":2025,"numero_protocolo":null,"data_apresentacao":"2025-06-17","tipo_apresentacao":"E","data_publicacao":null,"numero_origem_externa":"","ano_origem_externa":null,"data_origem_externa":null,"apelido":"","dias_prazo":null,"data_fim_prazo":null,"em_tramitacao":false,"polemica":false,"objeto":"","complementar":false,"ementa":"Requer \u00e0 Mesa Executiva, inclus\u00e3o na ordem do dia e remessa ao Plen\u00e1rio desta C\u00e2mara Municipal para delibera\u00e7\u00e3o, a Mo\u00e7\u00e3o de Rep\u00fadio \u00e0 A\u00e7\u00e3o Direta de Inconstitucionalidade n.\u00b0 7796, que atenta contra a inclus\u00e3o verdadeira e o direito de escolha das fam\u00edlias de pessoas com defici\u00eancias no Estado do Paran\u00e1.","indexacao":"","observacao":"","resultado":"","texto_original":"http://sapl.campomagro.pr.leg.br/media/sapl/public/materialegislativa/2025/2700/mocao_de_repudio_no_001.25.pdf","data_ultima_atualizacao":"2025-06-17T17:14:52.676554-03:00","ip":"138.118.170.5","ultima_edicao":"2025-06-17T17:14:52.533579-03:00","tipo":51,"regime_tramitacao":1,"tipo_origem_externa":null,"local_origem_externa":null,"user":6,"anexadas":[],"autores":[74]}