{"id":3638,"__str__":"Indica\u00e7\u00e3o n\u00ba 13 de 2026","link_detail_backend":"/materia/3638","metadata":{},"numero":13,"ano":2026,"numero_protocolo":3480,"data_apresentacao":"2026-02-02","tipo_apresentacao":"E","data_publicacao":null,"numero_origem_externa":"","ano_origem_externa":null,"data_origem_externa":null,"apelido":"","dias_prazo":null,"data_fim_prazo":null,"em_tramitacao":false,"polemica":false,"objeto":"","complementar":false,"ementa":"A Vereadora Cris da Sa\u00fade, no uso de suas atribui\u00e7\u00f5es legais, vem respeitosamente \u00e0 presen\u00e7a de Vossa Excel\u00eancia Indicar ao Poder Executivo Municipal a retirada dos tach\u00f5es existentes na subida da Rua Ant\u00f4nio Valenga, tamb\u00e9m conhecida como Rua Projetada A, localizada no bairro \u00c1guas Claras - Munic\u00edpio de Campo Magro - PR, 83535-000.","indexacao":"","observacao":"","resultado":"","texto_original":"http://sapl.campomagro.pr.leg.br/media/sapl/public/materialegislativa/2026/3638/indicacao_n_013-2026.pdf","data_ultima_atualizacao":"2026-02-02T14:05:01.075130-03:00","ip":"138.118.170.5","ultima_edicao":"2026-02-02T14:00:22.645503-03:00","tipo":8,"regime_tramitacao":1,"tipo_origem_externa":null,"local_origem_externa":null,"user":45,"anexadas":[],"autores":[69]}