{"id":404,"__str__":"Projeto de Lei Ordin\u00e1ria Legislativa n\u00ba 13 de 2021","link_detail_backend":"/materia/404","metadata":{},"numero":13,"ano":2021,"numero_protocolo":null,"data_apresentacao":"2021-11-16","tipo_apresentacao":"E","data_publicacao":null,"numero_origem_externa":"","ano_origem_externa":null,"data_origem_externa":null,"apelido":"","dias_prazo":null,"data_fim_prazo":null,"em_tramitacao":false,"polemica":false,"objeto":"","complementar":false,"ementa":"Institui o Programa de Aten\u00e7\u00e3o \u00e0 Sa\u00fade Mental das V\u00edtimas da Covid-19 no munic\u00edpio de Campo Magro e da outras provid\u00eancias","indexacao":"","observacao":"","resultado":"","texto_original":"http://sapl.campomagro.pr.leg.br/media/sapl/public/materialegislativa/2021/404/pl_no_013.21.pdf","data_ultima_atualizacao":"2025-02-27T09:03:57.568023-03:00","ip":"138.118.170.5","ultima_edicao":"2021-11-16T09:59:19.758453-03:00","tipo":1,"regime_tramitacao":1,"tipo_origem_externa":null,"local_origem_externa":null,"user":7,"anexadas":[],"autores":[25]}